{"id":10,"date":"2007-10-22T18:01:00","date_gmt":"2007-10-22T17:01:00","guid":{"rendered":"http:\/\/www.conzendorf.com\/wp_elisabeth\/?p=10"},"modified":"2008-12-13T13:50:19","modified_gmt":"2008-12-13T12:50:19","slug":"wichtig-fur-packchenbriefe-nach-peru","status":"publish","type":"post","link":"http:\/\/www.familie-moerl.de\/?p=10","title":{"rendered":"WICHTIG f\u00fcr P\u00e4ckchen\/Briefe nach Peru"},"content":{"rendered":"<p><span style=\"font-family: verdana;\">Hallo zusammen,<\/span><\/p>\n<p><span style=\"font-family: verdana;\">wer von euch <span style=\"font-weight: bold;\">P\u00e4ckchen oder Briefe an uns nach Peru<\/span> schicken m\u00f6chte, sollte die Anschrift genau einhalten.<\/span><\/p>\n<p><span style=\"font-family: verdana;\">Es gibt zur Zeit Probleme, einige P\u00e4ckchen aus dem Zoll zu bekommen, welche an &#8222;Familie&#8220; Adressiert sind: <\/span><span style=\"font-family: verdana;\">Das Wort &#8222;Familie&#8220; ist f\u00fcr die peruanischen Beh\u00f6rden kein Vorname. <\/span><span style=\"font-family: verdana;\">Deswegen geht das Paket meist (wenn \u00fcberhaupt) an die Organisation Diospi-Suyana. <\/span><span style=\"font-family: verdana;\">Diese muss dann bis zu 170 Soles (bis jetzt) an Geb\u00fchren zahlen.<\/span><\/p>\n<p><span style=\"font-family: verdana;\">Weiterhin d\u00fcrfen keine Pakete an zwei Personen (Michael und Elisabeth M\u00f6rl) adressiert werden. Immer nur an Michael M\u00f6rl.<\/span><\/p>\n<p><span style=\"font-family: verdana;\">Bitte auch keine Pakete an unsere Kinder adressieren. F\u00fcr diese bekommen wir keine &#8222;Carter der Poder&#8220;, um die Pakete zu erhalten.<\/span><\/p>\n<p><span style=\"font-family: verdana;\">Au\u00dferdem d\u00fcrfen keine Vornamen abgek\u00fcrzt werden z.B &#8222;E.&#8220;<\/span><\/p>\n<p><span style=\"font-family: verdana;\">Die richtige Anschrift sieht also so aus:<\/span><\/p>\n<p><span style=\"font-family: verdana; font-weight: bold;\">Diospi-Suyana<\/span><br \/>\n<span style=\"font-family: verdana; font-weight: bold;\">Michael M\u00f6rl<\/span><br \/>\n<span style=\"font-family: verdana; font-weight: bold;\">Apartado 210<\/span><br \/>\n<span style=\"font-family: verdana; font-weight: bold;\">Abancay, Apu\u00edmac<\/span><br \/>\n<span style=\"font-family: verdana; font-weight: bold;\">Peru<\/span><\/p>\n","protected":false},"excerpt":{"rendered":"<p>Hallo zusammen, wer von euch P\u00e4ckchen oder Briefe an uns nach Peru schicken m\u00f6chte, sollte die Anschrift genau einhalten. Es gibt zur Zeit Probleme, einige P\u00e4ckchen aus dem Zoll zu bekommen, welche an &#8222;Familie&#8220; Adressiert sind: Das Wort &#8222;Familie&#8220; ist f\u00fcr die peruanischen Beh\u00f6rden kein Vorname. Deswegen geht das Paket meist (wenn \u00fcberhaupt) an die [&hellip;]<\/p>\n","protected":false},"author":2,"featured_media":0,"comment_status":"open","ping_status":"open","sticky":false,"template":"","format":"standard","meta":{"ngg_post_thumbnail":0,"footnotes":"","_links_to":"","_links_to_target":""},"categories":[38],"tags":[],"class_list":["post-10","post","type-post","status-publish","format-standard","hentry","category-peru"],"_links":{"self":[{"href":"http:\/\/www.familie-moerl.de\/index.php?rest_route=\/wp\/v2\/posts\/10","targetHints":{"allow":["GET"]}}],"collection":[{"href":"http:\/\/www.familie-moerl.de\/index.php?rest_route=\/wp\/v2\/posts"}],"about":[{"href":"http:\/\/www.familie-moerl.de\/index.php?rest_route=\/wp\/v2\/types\/post"}],"author":[{"embeddable":true,"href":"http:\/\/www.familie-moerl.de\/index.php?rest_route=\/wp\/v2\/users\/2"}],"replies":[{"embeddable":true,"href":"http:\/\/www.familie-moerl.de\/index.php?rest_route=%2Fwp%2Fv2%2Fcomments&post=10"}],"version-history":[{"count":5,"href":"http:\/\/www.familie-moerl.de\/index.php?rest_route=\/wp\/v2\/posts\/10\/revisions"}],"predecessor-version":[{"id":211,"href":"http:\/\/www.familie-moerl.de\/index.php?rest_route=\/wp\/v2\/posts\/10\/revisions\/211"}],"wp:attachment":[{"href":"http:\/\/www.familie-moerl.de\/index.php?rest_route=%2Fwp%2Fv2%2Fmedia&parent=10"}],"wp:term":[{"taxonomy":"category","embeddable":true,"href":"http:\/\/www.familie-moerl.de\/index.php?rest_route=%2Fwp%2Fv2%2Fcategories&post=10"},{"taxonomy":"post_tag","embeddable":true,"href":"http:\/\/www.familie-moerl.de\/index.php?rest_route=%2Fwp%2Fv2%2Ftags&post=10"}],"curies":[{"name":"wp","href":"https:\/\/api.w.org\/{rel}","templated":true}]}}