{"id":792,"date":"2010-04-24T03:07:45","date_gmt":"2010-04-24T02:07:45","guid":{"rendered":"http:\/\/www.conzendorf.com\/wp_elisabeth\/?p=792"},"modified":"2010-04-24T03:07:45","modified_gmt":"2010-04-24T02:07:45","slug":"maximilian-maulwurf","status":"publish","type":"post","link":"http:\/\/www.familie-moerl.de\/?p=792","title":{"rendered":"Maximilian Maulwurf"},"content":{"rendered":"<p>Ich muss buddeln, buddeln, buddeln und muss graben,&#8230;.<\/p>\n<p><span class=\"frame-outer  aligncenter size-thumbnail wp-image-793\"><span><span><span><span><a href=\"http:\/\/www.familie-moerl.de\/wp-content\/uploads\/2010\/04\/2010-04-Maximilian-Maulwurf.jpg\"><img loading=\"lazy\" decoding=\"async\" class=\"aligncenter size-thumbnail wp-image-793\" src=\"http:\/\/www.familie-moerl.de\/wp-content\/uploads\/2010\/04\/2010-04-Maximilian-Maulwurf-150x150.jpg\" alt=\"\" width=\"150\" height=\"150\" \/><\/a><\/span><\/span><\/span><\/span><\/span>Wer die Geschichte von Maximilian Maulwurf kennt, wei\u00df, dass der kleine Maulwurf einen Gartenschlauch f\u00fcr einen riesen Regenwurm hielt und kr\u00e4ftig hinein biss. Dabei entstand eine Vogeltr\u00e4nke. Unser Maximilian hat heute etwas \u00c4hnliches versucht. Beim Hacken mit der Rodehacke stie\u00df er auf eine Quelle, die aber leider unsere Wasserzuleitung ist.<\/p>\n","protected":false},"excerpt":{"rendered":"<p>Ich muss buddeln, buddeln, buddeln und muss graben,&#8230;. Wer die Geschichte von Maximilian Maulwurf kennt, wei\u00df, dass der kleine Maulwurf einen Gartenschlauch f\u00fcr einen riesen Regenwurm hielt und kr\u00e4ftig hinein biss. Dabei entstand eine Vogeltr\u00e4nke. Unser Maximilian hat heute etwas \u00c4hnliches versucht. Beim Hacken mit der Rodehacke stie\u00df er auf eine Quelle, die aber leider [&hellip;]<\/p>\n","protected":false},"author":2,"featured_media":0,"comment_status":"open","ping_status":"open","sticky":false,"template":"","format":"standard","meta":{"ngg_post_thumbnail":0,"footnotes":"","_links_to":"","_links_to_target":""},"categories":[1],"tags":[45,160,52],"class_list":["post-792","post","type-post","status-publish","format-standard","hentry","category-allgemeines","tag-maximilian","tag-quelle","tag-wasser"],"_links":{"self":[{"href":"http:\/\/www.familie-moerl.de\/index.php?rest_route=\/wp\/v2\/posts\/792","targetHints":{"allow":["GET"]}}],"collection":[{"href":"http:\/\/www.familie-moerl.de\/index.php?rest_route=\/wp\/v2\/posts"}],"about":[{"href":"http:\/\/www.familie-moerl.de\/index.php?rest_route=\/wp\/v2\/types\/post"}],"author":[{"embeddable":true,"href":"http:\/\/www.familie-moerl.de\/index.php?rest_route=\/wp\/v2\/users\/2"}],"replies":[{"embeddable":true,"href":"http:\/\/www.familie-moerl.de\/index.php?rest_route=%2Fwp%2Fv2%2Fcomments&post=792"}],"version-history":[{"count":2,"href":"http:\/\/www.familie-moerl.de\/index.php?rest_route=\/wp\/v2\/posts\/792\/revisions"}],"predecessor-version":[{"id":795,"href":"http:\/\/www.familie-moerl.de\/index.php?rest_route=\/wp\/v2\/posts\/792\/revisions\/795"}],"wp:attachment":[{"href":"http:\/\/www.familie-moerl.de\/index.php?rest_route=%2Fwp%2Fv2%2Fmedia&parent=792"}],"wp:term":[{"taxonomy":"category","embeddable":true,"href":"http:\/\/www.familie-moerl.de\/index.php?rest_route=%2Fwp%2Fv2%2Fcategories&post=792"},{"taxonomy":"post_tag","embeddable":true,"href":"http:\/\/www.familie-moerl.de\/index.php?rest_route=%2Fwp%2Fv2%2Ftags&post=792"}],"curies":[{"name":"wp","href":"https:\/\/api.w.org\/{rel}","templated":true}]}}