{"id":972,"date":"2010-06-27T18:21:32","date_gmt":"2010-06-27T17:21:32","guid":{"rendered":"http:\/\/www.conzendorf.com\/wp_elisabeth\/?p=972"},"modified":"2010-06-27T18:21:32","modified_gmt":"2010-06-27T17:21:32","slug":"einweihung-3","status":"publish","type":"post","link":"http:\/\/www.familie-moerl.de\/?p=972","title":{"rendered":"Einweihung"},"content":{"rendered":"<p>Gestern feierten wir die Einweihung der Augen- und Zahnklinik mit \u00fcber 2000 Menschen. Die Gattin des Pr\u00e4sidenten, Sponsoren, Bauplaner, Ingenieur und das Ehepaar John sa\u00dfen im Podium.<\/p>\n<p><span class=\"frame-outer  alignleft size-thumbnail wp-image-973\"><span><span><span><span><a href=\"http:\/\/www.familie-moerl.de\/wp-content\/uploads\/2010\/06\/2010-06-Eroeffnung-Zahnklinik-02.jpg\"><img loading=\"lazy\" decoding=\"async\" class=\"alignleft size-thumbnail wp-image-973\" src=\"http:\/\/www.familie-moerl.de\/wp-content\/uploads\/2010\/06\/2010-06-Eroeffnung-Zahnklinik-02-150x150.jpg\" alt=\"\" width=\"150\" height=\"150\" \/><\/a><\/span><\/span><\/span><\/span><\/span><span class=\"frame-outer  alignright size-thumbnail wp-image-974\"><span><span><span><span><a href=\"http:\/\/www.familie-moerl.de\/wp-content\/uploads\/2010\/06\/2010-06-Eroeffnung-Zahnklinik-01.jpg\"><img loading=\"lazy\" decoding=\"async\" class=\"alignright size-thumbnail wp-image-974\" src=\"http:\/\/www.familie-moerl.de\/wp-content\/uploads\/2010\/06\/2010-06-Eroeffnung-Zahnklinik-01-150x150.jpg\" alt=\"\" width=\"150\" height=\"150\" \/><\/a><\/span><\/span><\/span><\/span><\/span><\/p>\n<p>2 Stunden dauerte die Zeremonie mit Ansprachen, Dankesreden, Anspielen, Predikt und Tanz. Umrahmt wurde alles von der Musikgruppe ARPAY aus Lima.<\/p>\n<p><span class=\"frame-outer  aligncenter size-thumbnail wp-image-975\"><span><span><span><span><a href=\"http:\/\/www.familie-moerl.de\/wp-content\/uploads\/2010\/06\/2010-06-Eroeffnung-Zahnklinik-03.jpg\"><img loading=\"lazy\" decoding=\"async\" class=\"aligncenter size-thumbnail wp-image-975\" src=\"http:\/\/www.familie-moerl.de\/wp-content\/uploads\/2010\/06\/2010-06-Eroeffnung-Zahnklinik-03-150x150.jpg\" alt=\"\" width=\"150\" height=\"150\" \/><\/a><\/span><\/span><\/span><\/span><\/span>Und hier kann man das derzeitige Krankenhausteam sehen, bestehend aus \u00c4rzten, Schwestern und Pfleger, K\u00fcchen- und Reinigungsteams, Verwaltung, Wachm\u00e4nnern und Werkstattleuten.<\/p>\n<p><span class=\"frame-outer  aligncenter size-medium wp-image-976\"><span><span><span><span><a href=\"http:\/\/www.familie-moerl.de\/wp-content\/uploads\/2010\/06\/2010-06-Eroeffnung-Zahnklinik-04.jpg\"><img loading=\"lazy\" decoding=\"async\" class=\"aligncenter size-medium wp-image-976\" src=\"http:\/\/www.familie-moerl.de\/wp-content\/uploads\/2010\/06\/2010-06-Eroeffnung-Zahnklinik-04-300x225.jpg\" alt=\"\" width=\"300\" height=\"225\" srcset=\"http:\/\/www.familie-moerl.de\/wp-content\/uploads\/2010\/06\/2010-06-Eroeffnung-Zahnklinik-04-300x225.jpg 300w, http:\/\/www.familie-moerl.de\/wp-content\/uploads\/2010\/06\/2010-06-Eroeffnung-Zahnklinik-04.jpg 800w\" sizes=\"auto, (max-width: 300px) 100vw, 300px\" \/><\/a><\/span><\/span><\/span><\/span><\/span><\/p>\n","protected":false},"excerpt":{"rendered":"<p>Gestern feierten wir die Einweihung der Augen- und Zahnklinik mit \u00fcber 2000 Menschen. Die Gattin des Pr\u00e4sidenten, Sponsoren, Bauplaner, Ingenieur und das Ehepaar John sa\u00dfen im Podium. 2 Stunden dauerte die Zeremonie mit Ansprachen, Dankesreden, Anspielen, Predikt und Tanz. Umrahmt wurde alles von der Musikgruppe ARPAY aus Lima. Und hier kann man das derzeitige Krankenhausteam [&hellip;]<\/p>\n","protected":false},"author":2,"featured_media":0,"comment_status":"open","ping_status":"open","sticky":false,"template":"","format":"standard","meta":{"ngg_post_thumbnail":0,"footnotes":"","_links_to":"","_links_to_target":""},"categories":[1],"tags":[81,176,116],"class_list":["post-972","post","type-post","status-publish","format-standard","hentry","category-allgemeines","tag-einweihung","tag-klinik","tag-zahnklinik"],"_links":{"self":[{"href":"http:\/\/www.familie-moerl.de\/index.php?rest_route=\/wp\/v2\/posts\/972","targetHints":{"allow":["GET"]}}],"collection":[{"href":"http:\/\/www.familie-moerl.de\/index.php?rest_route=\/wp\/v2\/posts"}],"about":[{"href":"http:\/\/www.familie-moerl.de\/index.php?rest_route=\/wp\/v2\/types\/post"}],"author":[{"embeddable":true,"href":"http:\/\/www.familie-moerl.de\/index.php?rest_route=\/wp\/v2\/users\/2"}],"replies":[{"embeddable":true,"href":"http:\/\/www.familie-moerl.de\/index.php?rest_route=%2Fwp%2Fv2%2Fcomments&post=972"}],"version-history":[{"count":7,"href":"http:\/\/www.familie-moerl.de\/index.php?rest_route=\/wp\/v2\/posts\/972\/revisions"}],"predecessor-version":[{"id":983,"href":"http:\/\/www.familie-moerl.de\/index.php?rest_route=\/wp\/v2\/posts\/972\/revisions\/983"}],"wp:attachment":[{"href":"http:\/\/www.familie-moerl.de\/index.php?rest_route=%2Fwp%2Fv2%2Fmedia&parent=972"}],"wp:term":[{"taxonomy":"category","embeddable":true,"href":"http:\/\/www.familie-moerl.de\/index.php?rest_route=%2Fwp%2Fv2%2Fcategories&post=972"},{"taxonomy":"post_tag","embeddable":true,"href":"http:\/\/www.familie-moerl.de\/index.php?rest_route=%2Fwp%2Fv2%2Ftags&post=972"}],"curies":[{"name":"wp","href":"https:\/\/api.w.org\/{rel}","templated":true}]}}